{"id":4931,"date":"2026-04-26T15:54:36","date_gmt":"2026-04-26T13:54:36","guid":{"rendered":"https:\/\/blueportance.com\/?p=4931"},"modified":"2026-04-29T15:21:48","modified_gmt":"2026-04-29T13:21:48","slug":"fascias-douleur-tensegrite","status":"publish","type":"post","link":"https:\/\/blueportance.com\/en\/2026\/04\/26\/fascias-douleur-tensegrite\/","title":{"rendered":"Comprendre les Fascias et la Tens\u00e9grit\u00e9 : le syst\u00e8me invisible de r\u00e9gulation des contraintes\u2026 et de la douleur"},"content":{"rendered":"<style>\n        body {\n            font-family: Arial, sans-serif;\n            line-height: 1.6;\n            margin: 0 auto;\n            max-width: 800px;\n            padding: 20px;\n            color: #333;\n        }\n      \n        table {\n            width: 100%;\n            border-collapse: collapse;\n            margin: 20px 0;\n        }\n        th, td {\n            border: 1px solid #ddd;\n            padding: 8px;\n            text-align: left;\n        }\n        th {\n            background-color: #f2f2f2;\n  }\n\n.bp-figure {\n    margin: 40px 0;\n    text-align: center;\n}\n\n.bp-figure img {\n    display: block;\n    margin: 0 auto;\n    max-width: 100%;\n    height: auto;\n    border-radius: 8px;\n}\n\n.bp-figure figcaption {\n    margin: 10px auto 0;\n    max-width: 650px;\n    text-align: center;\n    color: #666;\n    font-size: 0.85em;\n    line-height: 1.45;\n}\n\n.bp-fig-title {\n    display: block;\n    margin: 0 0 4px 0;\n    padding: 0;\n    font-style: normal;\n    font-weight: 700;\n    font-size: 1em;\n    color: #333;\n    line-height: 1.3;\n}\n\n.bp-fig-text {\n    display: block;\n    margin: 0;\n    padding: 0;\n    font-style: italic;\n}\n\nblockquote {\n    border-left: 4px solid #3498db;\n    padding-left: 15px;\n    margin: 20px 0;\n    color: #555;\n    font-style: italic;\n    font-size: 0.92em;\n    line-height: 1.6;\n}\n        .highlight {\n            background-color: #EAF4FF;\n            padding: 15px;\n            border-left: 4px solid #2A7FFF;\n            margin: 20px 0;\n            border-radius: 5px;\n        }\n\n        .bp-list-functions {\n  list-style: none;\n  padding-left: 0;\n}\n.bp-list-functions li {\n  margin-bottom: 15px;\n  padding-left: 25px;\n  position: relative;\n}\n.bp-list-functions li:before {\n  content: \"\u2022\";\n  position: absolute;\n  left: 0;\n  color: #2a7fba;\n  font-size: 1.2rem;\n}\n.bp-double-column {\n  display: flex;\n  gap: 30px;\n  margin: 30px 0;\n}\n.bp-column {\n  flex: 1;\n  text-align: center;\n  padding: 15px;\n  background: #f8f9fa;\n  border-radius: 5px;\n}\n.bp-transition {\n  background-color: #f0f8ff;\n  padding: 20px;\n  margin: 30px 0;\n  border-left: 3px solid #2a7fba;\n}\n\n  .bp-function {\n    margin-bottom: 40px;\n    padding: 20px 0;\n    border-left: 3px solid #e6e6e6;\n    padding-left: 20px;\n  }\n  .bp-function-title {\n    color: #2a7fba;\n    margin-bottom: 10px;\n    font-size: 1.2rem;\n  }\n  .bp-example {\n    background-color: #f8f9fa;\n    padding: 15px;\n    border-radius: 5px;\n    margin: 15px 0;\n    font-style: italic;\n  }\n   .bp-lead { font-size: 1.1em; font-weight: 500; background-color: #f8f9fa; padding: 15px; border-left: 4px solid #2a7fba; }\n    .bp-example { background-color: #f0f8ff; padding: 15px; border-left: 4px solid #2a7fba; margin: 20px 0; border-radius: 5px; }\n   \n  .bp-list {\n    margin: 15px 0 15px 20px;\n  }\n  .bp-transition { background-color: #e6f3ff; padding: 20px; border-radius: 5px; margin: 30px 0; }\n    .bp-key-point { background-color: #d4e6f1; padding: 20px; border-radius: 5px; margin: 30px 0; }\n    .bp-reference { font-size: 0.9em; color: #666; font-style: italic; margin-top: 15px; }\n   \n  .bp-transition {\n    background-color: #f0f8ff;\n    padding: 20px;\n    border-radius: 5px;\n    margin: 30px 0;\n  }\n       \n    <\/style>\n\n  <article class=\"bp-article-fascias\">\n\n  <header class=\"bp-article-header\">\n\n    <h3 class=\"bp-subtitle\"><em>Pourquoi une douleur au genou peut venir du bassin, et comment votre cerveau interpr\u00e8te \u2014 parfois mal \u2014 ces signaux ?<\/em><\/h3>\n    \n   \n    <p class=\"bp-meta\">\n  <span class=\"bp-author\">\n    <strong>Par Gil Ayache<\/strong> \u2014 cofondateur de Blue Portance\n  <\/span><br>\n  <time datetime=\"2026-04-20\">20 avril 2026<\/time>\n<\/p>\n<br>\n\n\n  <\/header>\n\n  <!-- Section d'introduction sur les fascias -->\n<section id=\"fascias-anatomie\" class=\"bp-section\">\n\n  <!-- Paragraphe d'accroche -->\n  <p class=\"bp-lead\">\n   Vous avez mal en position assise\u2026 et pourtant vos examens sont normaux ? <br>\n   Saviez-vous que votre corps poss\u00e8de un <strong>r\u00e9seau invisible<\/strong>, \u201cun r\u00e9seau int\u00e9gr\u00e9 au tissu conjonctif \u2014 qui repr\u00e9sente environ 20 \u00e0 30 % de la masse corporelle \u2014 reliant chaque structure du corps ?<br>\n    Ce r\u00e9seau, ce sont <strong>les fascias<\/strong>, longtemps consid\u00e9r\u00e9s comme de simples \u00ab\u00a0emballages\u00a0\u00bb anatomiques, sans r\u00f4le fonctionnel majeur. \n    Aujourd&rsquo;hui, les recherches en biom\u00e9canique et en neurosciences r\u00e9v\u00e8lent qu&rsquo;ils forment un <strong>syst\u00e8me actif, adaptatif et hautement r\u00e9actif<\/strong>, essentiel \u00e0 la mobilit\u00e9, \u00e0 la stabilit\u00e9 et m\u00eame \u00e0 la perception de la douleur.<br>\n    Pour comprendre leur importance, explorons leur structure, leurs fonctions et leurs m\u00e9canismes, \u00e9tape par \u00e9tape.\n  <\/p>\n\n  <!-- Titre principal de la section -->\n  <h2 class=\"bp-section-title\">1. Les fascias : le r\u00e9seau invisible qui relie tout votre corps<\/h2>\n <p class=\"bp-lead\">\n    Pour comprendre comment les fascias r\u00e9gulent les contraintes dans le corps, et interagissent avec le systeme neurosensoriel, il est n\u00e9cessaire d\u2019observer leur structure : comment ils s&rsquo;organisent, et de quoi ils sont compos\u00e9s ? \n <\/p>\n  \n  <h3>1.1. Une structure continue et embo\u00eet\u00e9e qui irrigue tout le corps<\/h3>\n  <!-- D\u00e9finition et r\u00f4le -->\n  <div class=\"bp-content-block\">\n    <p>\n      Les fascias sont des <strong>tissus conjonctifs<\/strong> qui forment un\n      <span class=\"bp-highlight\">r\u00e9seau continu<\/span> \u00e0 l&rsquo;int\u00e9rieur du corps.\n      Contrairement \u00e0 une vision segment\u00e9e de l&rsquo;anatomie, o\u00f9 chaque structure serait ind\u00e9pendante,\n      les fascias constituent un <span class=\"bp-highlight\">continuum anatomique<\/span>,\n      reliant l&rsquo;ensemble des \u00e9l\u00e9ments :\n    <\/p>\n\n    <!-- Liste des \u00e9l\u00e9ments reli\u00e9s -->\n    <ul class=\"bp-list bp-list-highlight\">\n      <li>Les <strong>muscles<\/strong> (et leurs enveloppes)<\/li>\n      <li>Les <strong>os<\/strong> et articulations<\/li>\n      <li>Les <strong>organes<\/strong> (c\u0153ur, poumons, intestins, etc.)<\/li>\n      <li>Les <strong>nerfs<\/strong> et vaisseaux sanguins<\/li>\n    <\/ul>\n\n    <p>\n      Ils ne se limitent pas \u00e0 une enveloppe externe. On les retrouve \u00e0 tous les niveaux :\n      en surface (juste sous la peau), entre les muscles, autour des organes,\n      et jusque dans les structures les plus profondes.\n      <strong>Cette organisation signifie qu&rsquo;aucune partie du corps n&rsquo;est r\u00e9ellement isol\u00e9e.<\/strong>\n    <\/p>\n  <\/div>\n <!-- Composition des fascias -->\n\n\n    <p>\n      Les fascias s&rsquo;organisent en <strong>couches successives<\/strong>, reli\u00e9es entre elles,\n      formant une architecture \u00e0 la fois <strong>continue<\/strong> (sans interruption)\n      et <strong>hi\u00e9rarchis\u00e9e<\/strong> (du plus superficiel au plus profond).\n    <\/p>\n\n  <!-- Image des poup\u00e9es russes -->\n  <figure class=\"bp-figure\">\n    <img decoding=\"async\" src=\"http:\/\/blueportance.com\/wp-content\/uploads\/Les-fascias-organisation-en-poupees-russes.png\"\n         alt=\"Sch\u00e9ma montrant l'organisation des fascias en couches embo\u00eet\u00e9es comme des poup\u00e9es russes, illustrant le continuum anatomique\"\n         class=\"bp-figure-image\"\n         loading=\"lazy\">\n    <figcaption class=\"bp-figure-caption\">\n     <span class=\"bp-fig-text\">\nLes fascias s\u2019organisent en couches embo\u00eet\u00e9es, assurant la continuit\u00e9 entre toutes les structures du corps.\n<\/span>\n    <\/figcaption>\n  <\/figure>\n\n   <!-- Composition des fascias -->\n<section>\n  <h3>1.2 Les composants fondamentaux du fascia : une m\u00e9canique interne en trois niveaux<\/h3>\n\n  <p>\n    Pour comprendre <strong>comment les fascias r\u00e9gulent les contraintes<\/strong> dans le corps \u2014 et pourquoi leur dysfonctionnement peut entra\u00eener des douleurs ou des raideurs \u2014, il faut d\u2019abord observer leur <strong>organisation interne<\/strong>. Celle-ci repose sur <strong>trois composants cl\u00e9s<\/strong>, qui interagissent en permanence pour assurer souplesse, r\u00e9sistance et adaptabilit\u00e9 :\n  <\/p>\n\n  <!-- A. Matrice extracellulaire -->\n  <h4>A. La matrice extracellulaire \u2014 le \u201cgel lubrifiant\u201d qui permet le glissement<\/h4>\n  <p>\n    La matrice extracellulaire est le <strong>milieu dans lequel baignent les fibres et les cellules<\/strong>. Compos\u00e9e principalement d\u2019<strong>eau<\/strong> (jusqu\u2019\u00e0 60-70%), d\u2019<strong>acide hyaluronique<\/strong> et de <strong>prot\u00e9oglycanes<\/strong>, elle forme une substance <strong>visco\u00e9lastique<\/strong> \u2014 \u00e0 la fois fluide et r\u00e9sistante.\n  <\/p>\n  <p>\n    Son r\u00f4le est crucial :\n  <\/p>\n  <ul class=\"bp-list\">\n    <li>\n      <strong>Lubrifier<\/strong> les couches fasciales pour permettre un <strong>glissement optimal<\/strong> entre les muscles, les organes et les autres structures.\n    <\/li>\n    <li>\n      <strong>Amortir les chocs<\/strong> gr\u00e2ce \u00e0 sa viscosit\u00e9, comme un gel protecteur qui absorbe les pressions.\n    <\/li>\n    <li>\n      <strong>Nourrir les cellules<\/strong> en facilitant les \u00e9changes de nutriments et de d\u00e9chets.\n    <\/li>\n  <\/ul>\n\n  <div class=\"bp-example\">\n    <strong>\ud83d\udc49 M\u00e9taphore :<\/strong>\n    <p>\n      Imaginez deux plaques de verre entre lesquelles on d\u00e9pose une fine couche d\u2019huile.\n      <strong>Tant que l\u2019huile est pr\u00e9sente<\/strong>, les plaques glissent l\u2019une sur l\u2019autre sans r\u00e9sistance.\n      <strong>Si l\u2019huile s\u2019ass\u00e8che ou se d\u00e9grade<\/strong>, les plaques adh\u00e8rent et les frottements apparaissent.\n      <em>C\u2019est exactement ce qui se passe dans les fascias : une matrice extracellulaire bien hydrat\u00e9e permet un mouvement fluide, tandis qu\u2019une d\u00e9shydratation entra\u00eene raideurs et douleurs.<\/em>\n    <\/p>\n  <\/div>\n\n  <!-- B. Les fibres -->\n  <h4>B. Les fibres \u2014 \u00ab\u00a0l\u2019armature intelligente\u201d qui s\u2019adapte aux contraintes<\/h4>\n  <p>\n    Les fibres, principalement compos\u00e9es de <strong>collag\u00e8ne<\/strong> (pour la r\u00e9sistance) et d\u2019<strong>\u00e9lastine<\/strong> (pour la souplesse), forment la <strong>charpente<\/strong> du fascia. Leur disposition n\u2019est pas al\u00e9atoire :\n  <\/p>\n  <p>\n    Elles s\u2019organisent selon un <strong>mod\u00e8le dynamique<\/strong> :\n  <\/p>\n  <ul class=\"bp-list\">\n    <li>\n      <strong>En fonction des contraintes m\u00e9caniques<\/strong> : les fibres se r\u00e9orientent et se densifient l\u00e0 o\u00f9 les tensions sont les plus fortes (ex. : chez un sportif ou un travailleur manuel).\n    <\/li>\n    <li>\n      <strong>Avec une m\u00e9moire des sollicitations<\/strong> : une posture prolong\u00e9e (comme la position assise) peut modifier durablement leur organisation, expliquant certaines raideurs chroniques.\n    <\/li>\n  <\/ul>\n\n  <div class=\"bp-example\">\n    <strong>\ud83d\udc49 Comparaison :<\/strong>\n    <p>\n      Pensez \u00e0 un filet de p\u00eache :\n      <strong>Ses mailles se resserrent<\/strong> l\u00e0 o\u00f9 la pression est la plus forte (comme les fibres de collag\u00e8ne sous une contrainte r\u00e9p\u00e9t\u00e9e),\n      et <strong>reprennent leur forme<\/strong> une fois la tension rel\u00e2ch\u00e9e (gr\u00e2ce \u00e0 l\u2019\u00e9lastine).\n      <em>Cette adaptabilit\u00e9 explique pourquoi les fascias peuvent \u00e0 la fois r\u00e9sister \u00e0 des forces importantes et retrouver leur souplesse.<\/em>\n    <\/p>\n  <\/div>\n\n  <!-- C. Les cellules -->\n  <h4>C. Les cellules \u2014 les \u201ccapteurs et r\u00e9gulateurs\u00a0\u00bb du syst\u00e8me<\/h4>\n  <p>\n    Les fascias ne sont pas un tissu inerte : ils abritent des <strong>cellules actives<\/strong>, dont deux types jouent un r\u00f4le cl\u00e9 :\n  <\/p>\n  <ul class=\"bp-list\">\n    <li>\n      <strong>Les fibroblastes<\/strong> : ils <strong>produisent et remodelent<\/strong> les fibres de collag\u00e8ne et la matrice extracellulaire en fonction des contraintes m\u00e9caniques. Sans eux, le fascia perdrait sa capacit\u00e9 \u00e0 s\u2019adapter.\n    <\/li>\n    <li>\n      <strong>Les m\u00e9canor\u00e9cepteurs<\/strong> (comme les corpuscules de Ruffini ou de Pacini) : ils <strong>d\u00e9tectent les tensions, les \u00e9tirements et les pressions<\/strong>, puis envoient ces informations au syst\u00e8me nerveux pour ajuster la posture ou d\u00e9clencher une douleur en cas de surcharge.\n    <\/li>\n  <\/ul>\n\n  <div class=\"bp-example\">\n    <strong>\ud83d\udc49 Analogies :<\/strong>\n    <p>\n      Les fibroblastes agissent comme des <strong>ouvriers du b\u00e2timent<\/strong> :\n      ils r\u00e9parent et renforcent la structure fasciale en fonction des besoins.\n      <br>\n      Les m\u00e9canor\u00e9cepteurs, eux, sont des <strong>capteurs d\u2019alarme<\/strong> :\n      ils signalent au cerveau toute tension anormale, comme un syst\u00e8me de s\u00e9curit\u00e9 qui d\u00e9clenche une alerte en cas de danger.\n    <\/p>\n  <\/div>\n\n  <figure style=\"margin:40px 0; text-align:center;\">\n  <img decoding=\"async\" src=\"http:\/\/blueportance.com\/wp-content\/uploads\/Les-composants-structuraux-des-fascias.png\"\n       alt=\"Composants structuraux des fascias : matrice extracellulaire, fibres, cellules et r\u00e9seau vasculaire\"\n       style=\"max-width:100%; height:auto; border-radius:8px;\" loading=\"lazy\">\n  <figcaption style=\"font-size:0.9em; color:#666; margin-top:10px;\">\n    Les fascias associent matrice extracellulaire, fibres et cellules dans une organisation dynamique.\n  <\/figcaption>\n<\/figure>\n  \n\n  <!-- Point cl\u00e9 -->\n  <div class=\"bp-key-point\">\n    <strong>\ud83d\udc49 Point cl\u00e9 \u00e0 retenir :<\/strong>\n    <p>\n      Le fascia n\u2019est pas un simple \u201cemballage\u201d passif.\n      C\u2019est un <strong>syst\u00e8me vivant et r\u00e9actif<\/strong>, o\u00f9 :\n    <\/p>\n    <ul class=\"bp-list\">\n      <li>\n        la <strong>matrice extracellulaire<\/strong> assure le glissement et l\u2019amortissement,\n      <\/li>\n      <li>\n        les <strong>fibres<\/strong> fournissent une structure r\u00e9sistante et adaptable,\n      <\/li>\n      <li>\n        les <strong>cellules<\/strong> (fibroblastes et m\u00e9canor\u00e9cepteurs) r\u00e9gulent et informent en permanence le syst\u00e8me nerveux.\n      <\/li>\n    <\/ul>\n    <p>\n      <em>Cette interaction permanente explique pourquoi les fascias jouent un r\u00f4le central dans la mobilit\u00e9, la stabilit\u00e9\u2026 et m\u00eame la perception de la douleur.<\/em>\n    <\/p>\n  <\/div>\n\n<\/section>\n\n\n <section id=\"fascias-fonctionnel\" class=\"bp-section\">\n  <h2 class=\"bp-section-title\">2. Les fascias : l\u2019architecture <strong>dynamique<\/strong> du corps humain<\/h2>\n\n  <p class=\"bp-lead\">\n    Nous savons d\u00e9sormais que les fascias forment un <strong>r\u00e9seau continu<\/strong> reliant chaque partie de notre corps.\n    Mais cette organisation anatomique n\u2019est qu\u2019une <strong>base<\/strong> :\n    la vraie magie op\u00e8re quand on observe <strong>ce que ce r\u00e9seau permet de faire<\/strong>.\n  <\/p>\n\n  <p>\n    Imaginez un tissu capable de :\n  <\/p>\n\n  <ul class=\"bp-list bp-list-features\">\n    <li>\n     <strong>Redistribuer les contraintes m\u00e9caniques instantan\u00e9ment<\/strong> pour prot\u00e9ger vos articulations,\n      comme un filet de s\u00e9curit\u00e9 invisible qui absorbe et r\u00e9partit chaque choc.\n    <\/li>\n       <li>\n      <strong>Assurer leur r\u00f4le de syst\u00e8me sensoriel distribu\u00e9<\/strong>,\n        en constante communication avec notre cerveau, lui envoyant des millions de signaux\n      sur votre posture, vos mouvements et m\u00eame les micro-tensions de votre corps.\n    <\/li>\n    <li>\n      <strong>S&rsquo;adapter en permanence<\/strong>, comme un syst\u00e8me intelligent qui ajuste les tensions\n      pour maintenir votre \u00e9quilibre, que vous soyez assis, debout ou en mouvement.\n    <\/li>\n  <\/ul>\n\n  <figure class=\"bp-figure\">\n  <img decoding=\"async\" src=\"http:\/\/blueportance.com\/wp-content\/uploads\/Reseau-fascial.png\"\n       alt=\"R\u00e9seau fascial continu reliant les structures du corps\"\n       loading=\"lazy\">\n  <figcaption>\n    <span class=\"bp-fig-text\">\n      Le fascia forme un r\u00e9seau continu reliant l\u2019ensemble des structures du corps.\n    <\/span>\n  <\/figcaption>\n<\/figure>\n  <p>\n    Ces capacit\u00e9s reposent sur deux propri\u00e9t\u00e9s fondamentales, qui transforment les fascias\n    en bien plus qu\u2019un simple tissu de soutien :\n  <\/p>\n\n  <!-- Pr\u00e9sentation des 2 piliers fonctionnels -->\n  <div class=\"bp-double-column\">\n    <div class=\"bp-column\">\n      <div class=\"bp-column-icon\">\u2696\ufe0f<\/div>\n      <h3 class=\"bp-column-title\">A. La tens\u00e9grit\u00e9<\/h3>\n      <p>\n        Un principe d\u2019<strong>\u00e9quilibre dynamique<\/strong> o\u00f9 tensions et compressions\n        s\u2019harmonisent pour maintenir la stabilit\u00e9 <strong>sans rigidit\u00e9<\/strong>.\n      <\/p>\n    <\/div>\n    <div class=\"bp-column\">\n      <div class=\"bp-column-icon\">\ud83e\udde0<\/div>\n      <h3 class=\"bp-column-title\">B. Le syst\u00e8me neuro-sensoriel<\/h3>\n      <p>\n        Un <strong>r\u00e9seau de capteurs<\/strong> qui transmet en permanence des informations\n        au cerveau, influen\u00e7ant votre <strong>proprioception<\/strong> et votre perception de la douleur.\n      <\/p>\n    <\/div>\n  <\/div>\n\n  <p>\n    Ensemble, ces m\u00e9canismes font des fascias le <strong>syst\u00e8me de r\u00e9gulation invisible<\/strong>\n    de votre corps \u2014 un syst\u00e8me si puissant qu\u2019il peut, quand il dysfonctionne,\n    \u00eatre \u00e0 l\u2019origine de douleurs chroniques inexpliqu\u00e9es.\n  <\/p>\n\n  <!-- Transition vers la suite (tens\u00e9grit\u00e9) -->\n  <div class=\"bp-transition\">\n    <p>\n      Commen\u00e7ons par explorer le premier pilier : <strong>la tens\u00e9grit\u00e9<\/strong>,\n      ce principe qui permet \u00e0 votre corps de rester stable et mobile,\n      <em>sans avoir besoin de rigidit\u00e9<\/em>.\n    <\/p>\n  <\/div>\n\n\n    <h3>2.1. La tens\u00e9grit\u00e9 : le principe d\u2019\u00e9quilibre sans rigidit\u00e9<\/h3>\n\n     <p class=\"bp-lead\">\n    La tens\u00e9grit\u00e9 (contraction de <em>tension<\/em> et <em>int\u00e9grit\u00e9<\/em>) est un principe d\u2019architecture o\u00f9 des \u00e9l\u00e9ments en tension (comme les fascias) s\u2019\u00e9quilibrent avec des \u00e9l\u00e9ments en compression (comme les os). Ce m\u00e9canisme, d\u00e9crit par Buckminster Fuller et appliqu\u00e9 \u00e0 la biologie par Ingber (1998), explique comment votre corps maintient sa stabilit\u00e9 <strong>sans rigidit\u00e9 excessive<\/strong>.\n  <\/p>\n\n  <figure style=\"margin:50px 0; text-align:center;\">\n  <img decoding=\"async\" src=\"http:\/\/blueportance.com\/wp-content\/uploads\/De-la-posture-aux-fascias_propagation-des-contraintes.png\"\n       alt=\"Propagation des contraintes depuis la posture assise vers les fascias\"\n       style=\"max-width:100%; height:auto; border-radius:8px;\" loading=\"lazy\">\n  <figcaption style=\"font-size:0.95em; color:#666; margin-top:10px;\">\n    Une contrainte posturale locale peut se transmettre au r\u00e9seau fascial et produire des effets \u00e0 distance.\n  <\/figcaption>\n<\/figure>\n\n<div class=\"bp-example\">\n<strong>\ud83d\udc49 Concr\u00e8tement :<\/strong>\n<p>\nSi vous ressentez une douleur au coccyx, au bassin ou au dos en position assise, il est possible que la contrainte ne vienne pas uniquement de cette zone, mais de la mani\u00e8re dont votre corps r\u00e9partit \u2014 ou ne r\u00e9partit plus \u2014 ces contraintes.\n<\/p>\n<\/div>\n\n <p>\n    Dans les fascias, la tens\u00e9grit\u00e9 permet :\n  <\/p>\n  <ul class=\"bp-list\">\n    <li>\n      Une <strong>r\u00e9partition homog\u00e8ne des contraintes<\/strong> : les tensions sont diffus\u00e9es dans tout le r\u00e9seau fascial, \u00e9vitant les surcharges locales. <em>Exemple : lorsque vous portez un sac lourd, les fascias de l\u2019\u00e9paule redistribuent la charge vers le bassin et les jambes.<\/em>\n    <\/li>\n    <li>\n      Une <strong>stabilit\u00e9 passive<\/strong> : contrairement aux muscles (qui fatiguent), les fascias maintiennent l\u2019\u00e9quilibre de mani\u00e8re \u00e9conomique. <em>C\u2019est pourquoi vous pouvez tenir debout sans effort conscient.<\/em>\n    <\/li>\n    <li>\n      Une <strong>adaptabilit\u00e9 imm\u00e9diate<\/strong> : le syst\u00e8me ajuste en permanence les tensions pour s\u2019adapter aux mouvements ou aux postures. <em>Exemple : lorsque vous vous penchez, les fascias du dos se tendent pour compenser, tandis que ceux de l\u2019avant se rel\u00e2chent.<\/em>\n    <\/li>\n  <\/ul>\n\n     <div class=\"bp-example\">\n    <p>\n      <strong>\ud83d\udc49 M\u00e9taphore :<\/strong> Imaginez une tente o\u00f9 les m\u00e2ts (os) r\u00e9sistent \u00e0 la compression, tandis que les c\u00e2bles (fascias) maintiennent la tension. Si un c\u00e2ble se tend ou se rel\u00e2che, toute la structure s\u2019ajuste automatiquement pour conserver son \u00e9quilibre. <em>Dans votre corps, ce m\u00e9canisme permet de r\u00e9partir les forces sans surcharger une zone pr\u00e9cise.<\/em>\n    <\/p>\n  <\/div>\n\n  <figure class=\"bp-figure\">\n  <img decoding=\"async\" src=\"http:\/\/blueportance.com\/wp-content\/uploads\/Tensegrite-une-architecture-intelligente.png\"\n       alt=\"Tens\u00e9grit\u00e9 du corps humain : \u00e9quilibre entre tension et compression\"\n       loading=\"lazy\">\n  <figcaption>\n    <span class=\"bp-fig-text\">\n      Le corps r\u00e9partit les forces gr\u00e2ce \u00e0 un \u00e9quilibre dynamique entre tension et compression.\n    <\/span>\n  <\/figcaption>\n<\/figure>\n\n\n     <p>\n      Cette organisation s\u2019applique \u00e0 diff\u00e9rentes\n      \u00e9chelles du vivant, depuis la cellule jusqu\u2019aux structures macroscopiques (Ingber, 1998). Elle\n      implique qu\u2019une tension localis\u00e9e (par exemple, dans le bassin) peut avoir des r\u00e9percussions \u00e0 distance (douleurs lombaires ou cervicales), modifiant l&rsquo;\u00e9quilibre global.<strong>C\u2019est ce principe qui est au c\u0153ur des approches th\u00e9rapeutiques modernes, comme l\u2019ost\u00e9opathie ou les cha\u00eenes musculaires (Myers, 2014).<\/strong>\n    <\/p>\n\n    <figure class=\"bp-figure\">\n  <img decoding=\"async\" src=\"http:\/\/blueportance.com\/wp-content\/uploads\/Le-corps-en-tensegrite_Un-equilibre-reparti.png\"\n       alt=\"Propagation des contraintes dans une structure en tens\u00e9grit\u00e9\"\n       loading=\"lazy\">\n  <figcaption>\n    <span class=\"bp-fig-text\">\n      Une perturbation locale modifie l\u2019\u00e9quilibre global et entra\u00eene une redistribution des contraintes dans tout le syst\u00e8me.\n    <\/span>\n  <\/figcaption>\n<\/figure>\n\n     <div class=\"bp-key-point\">\n    <strong>\ud83d\udc49 Point cl\u00e9 \u00e0 retenir :<\/strong>\n      <p>\n        Une douleur localis\u00e9e peut souvent trouver son origine dans un d\u00e9s\u00e9quilibre de tens\u00e9grit\u00e9\n        \u00e0 distance.\n      <\/p>\n    <\/div>\n\n    <h3>2.2. Le r\u00e9seau neuro-sensoriel : quand les fascias \u00ab\u00a0parlent\u00a0\u00bb au cerveau<\/h3>\n\n      <p class=\"bp-lead\"> \n      Penser les fascias comme un simple syst\u00e8me m\u00e9canique, c\u2019est comme \u00e9tudier un r\u00e9seau \u00e9lectrique\n      sans tenir compte du courant qui y circule. Leur r\u00f4le d\u00e9passe la biom\u00e9canique : ils forment un\n      syst\u00e8me neuro-sensoriel distribu\u00e9, gr\u00e2ce \u00e0 leur densit\u00e9 exceptionnelle en m\u00e9canor\u00e9cepteurs. Ces capteurs, \u00e9tudi\u00e9s par Schleip (2003), transforment les fascias en un syst\u00e8me de communication permanent avec le cerveau, influen\u00e7ant la proprioception et la perception de la douleur.\n  <\/p>\n\n    <p>\n      En effet, les fascias ne se contentent pas de transmettre des forces : ils transmettent \u00e9galement\n      de l\u2019information. \n      dans lequel la perception et la r\u00e9gulation ne sont pas centralis\u00e9es, mais \u00e9mergent d\u2019un dialogue\n      permanent entre les tissus et le syst\u00e8me nerveux.\n    <\/p>\n\n    <p>\n      Les travaux de Langevin ont notamment propos\u00e9 de consid\u00e9rer le tissu conjonctif comme un r\u00e9seau\n      de signalisation \u00e0 l\u2019\u00e9chelle du corps entier, capable de transmettre des informations m\u00e9caniques\n      influen\u00e7ant le comportement cellulaire et neuronal (Langevin, 2006). Dans ce contexte, chaque\n      variation de tension, chaque micromouvement, chaque modification de pression est imm\u00e9diatement\n      capt\u00e9e et transmise.\n    <\/p>\n\n    <p>\n      Le cerveau ne re\u00e7oit donc pas un signal isol\u00e9, mais un flux continu d\u2019informations issues de\n      l\u2019ensemble du r\u00e9seau fascial. Il interpr\u00e8te ces informations pour ajuster la posture, le tonus musculaire\n      et la coordination des mouvements. Ce dialogue permanent constitue la base de l\u2019adaptation du corps.\n    <\/p>\n\n    <h3>A. Les m\u00e9canor\u00e9cepteurs : des capteurs ultra-sensibles<\/h3>\n  <p>\n    Trois types de r\u00e9cepteurs jouent un r\u00f4le cl\u00e9 :\n  <\/p>\n  <ul class=\"bp-list\">\n    <li>\n      <strong>Corpuscules de Ruffini<\/strong> : sensibles aux \u00e9tirements lents et aux changements de tension. Ils jouent un r\u00f4le cl\u00e9 dans la <strong>proprioception<\/strong> (perception du corps dans l\u2019espace).\n    <\/li>\n    <li>\n      <strong>Corpuscules de Pacini<\/strong> : r\u00e9actifs aux vibrations et aux pressions rapides. Ils aident \u00e0 ajuster les mouvements en temps r\u00e9el.\n    <\/li>\n    <li>\n      <strong>Terminaisons nerveuses libres<\/strong> : d\u00e9tectent les contraintes excessives et peuvent d\u00e9clencher des signaux de douleur.\n    <\/li>\n  <\/ul>\n  <p>\n    Ces r\u00e9cepteurs envoient en permanence des informations au cerveau sur :\n  <\/p>\n  <ul class=\"bp-list\">\n    <li>L\u2019<strong>\u00e9tat des tensions<\/strong> dans les tissus.<\/li>\n    <li>Les <strong>mouvements<\/strong> du corps.<\/li>\n    <li>Les <strong>changements de pression<\/strong>.<\/li>\n  <\/ul>\n\n  <div class=\"bp-example\">\n    <p>\n      <strong>\ud83d\udc49 Exemple :<\/strong> Lorsque vous fermez les yeux et touchez votre nez, les m\u00e9canor\u00e9cepteurs des fascias informent votre cerveau de la position exacte de votre bras, de votre \u00e9paule et de votre cou. <em>C\u2019est ce qui permet un mouvement pr\u00e9cis, m\u00eame sans contr\u00f4le visuel.<\/em>\n    <\/p>\n  <\/div>\n\n  <h3>B. Proprioception et douleur : deux faces d\u2019une m\u00eame pi\u00e8ce<\/h3>\n  <p>\n    Le r\u00e9seau neuro-sensoriel des fascias influence deux aspects majeurs :\n  <\/p>\n  <ul class=\"bp-list\">\n    <li>\n      <strong>La proprioception<\/strong> : la capacit\u00e9 \u00e0 percevoir la position et les mouvements de son corps. <em>Exemple : savoir o\u00f9 se trouve votre main sans la regarder.<\/em>\n    <\/li>\n    <li>\n      <strong>La nociception<\/strong> : la d\u00e9tection des stimuli douloureux. <em>Exemple : sentir une tension dans le dos avant qu\u2019elle ne devienne douloureuse.<\/em>\n    <\/li>\n  <\/ul>\n  <p>\n    Lorsque ce syst\u00e8me dysfonctionne (par exemple, en cas d\u2019inflammation ou de raideur), deux ph\u00e9nom\u00e8nes peuvent survenir :\n  <\/p>\n  <ul class=\"bp-list\">\n    <li>\n      <strong>Allodynie<\/strong> : une stimulation normalement indolore (comme un effleurement) est per\u00e7ue comme douloureuse.\n    <\/li>\n    <li>\n      <strong>Hyperalg\u00e9sie<\/strong> : une douleur est amplifi\u00e9e par rapport \u00e0 la stimulation r\u00e9elle.\n    <\/li>\n  <\/ul>\n\n  <div class=\"bp-example\">\n    <p>\n      <strong>\ud83d\udc49 Cas clinique :<\/strong> Dans les lombalgies chroniques, les m\u00e9canor\u00e9cepteurs des fascias lombaires deviennent hypersensibles. Le cerveau interpr\u00e8te alors des tensions normales comme des signaux de douleur, m\u00eame en l\u2019absence de l\u00e9sion. <em>C\u2019est ce qui explique pourquoi certaines douleurs persistent alors que les examens (IRM, radios) ne montrent rien d\u2019anormal.<\/em>\n    <\/p>\n  <\/div>\n\n\n    <div class=\"bp-key-point\">\n      <strong>\ud83d\udc49 Point fondamental :<\/strong>\n      <p>\n        Le fascia n\u2019est pas seulement un syst\u00e8me de transmission des contraintes. Il est une interface\n        active entre m\u00e9canique et perception.\n      <\/p>\n    <\/div>\n  <\/section>\n\n  <section>\n    <h2>3. Les fascias comme organe de r\u00e9gulation et d\u2019harmonisation des contraintes<\/h2>\n\n    <h3>3.1. Redistribution automatique des forces<\/h3>\n\n    <p>\n         Comprendre le lien entre fascias et douleur permet de d\u00e9passer une vision uniquement locale des sympt\u00f4mes. Gr\u00e2ce \u00e0 la tens\u00e9grit\u00e9, les fascias assurent une redistribution des contraintes qui d\u00e9passe largement\n      une simple fonction de soutien. Lorsqu\u2019une force est appliqu\u00e9e au corps, elle n\u2019est pas absorb\u00e9e\n      localement, mais diffus\u00e9e \u00e0 travers le r\u00e9seau fascial, permettant une harmonisation des contraintes\n      \u00e0 l\u2019\u00e9chelle globale.\n    <\/p>\n     <p>\n        Chaque mouvement, chaque posture, chaque effort g\u00e9n\u00e8re des forces qui traversent le corps. Sans les fascias, ces forces se concentreraient sur des points pr\u00e9cis (articulations, nerfs, organes), entra\u00eenant des surcharges et des l\u00e9sions. Gr\u00e2ce \u00e0 leur organisation en r\u00e9seau continu, les fascias <strong>diffusent et r\u00e9partissent<\/strong> ces contraintes sur l\u2019ensemble du corps.\n      <\/p>\n      <p class=\"bp-example\">\n        <strong>Exemple concret :<\/strong><br>\n        Lorsque vous marchez, l\u2019impact de chaque pas est absorb\u00e9 par les fascias plantaires, puis transmis aux fascias des jambes, du bassin et m\u00eame du dos. Ce syst\u00e8me de redistribution \u00e9vite que les chocs ne se concentrent sur les genoux ou les vert\u00e8bres, prot\u00e9geant ainsi vos articulations sur le long terme.\n      <\/p>\n\n    <p>\n      Ce m\u00e9canisme illustre que la stabilit\u00e9 ne repose pas sur la rigidit\u00e9, mais sur la capacit\u00e9 du syst\u00e8me\n      \u00e0 r\u00e9partir et \u00e0 adapter les contraintes.\n    <\/p>\n\n    <p>\nLes fascias pr\u00e9sentent \u00e9galement un comportement visco\u00e9lastique : lorsqu\u2019ils sont sollicit\u00e9s, ils absorbent une partie de l\u2019\u00e9nergie m\u00e9canique, mais n\u2019en restituent pas la totalit\u00e9. Une fraction de cette \u00e9nergie est dissip\u00e9e, notamment sous forme de chaleur \u2014 un ph\u00e9nom\u00e8ne appel\u00e9 hyst\u00e9r\u00e9sis (Fung, 1993 ; Humphrey, 2002).\n<\/p>\n<figure class=\"bp-figure\">\n  <img decoding=\"async\" src=\"http:\/\/blueportance.com\/wp-content\/uploads\/Repartition-contraintes-et-dissipation-energetique.png\"\n       alt=\"R\u00e9partition des contraintes et dissipation dans le fascia\"\n       loading=\"lazy\">\n  <figcaption>\n    <span class=\"bp-fig-text\">\n      Les contraintes sont r\u00e9parties dans le r\u00e9seau fascial et une partie de l\u2019\u00e9nergie est dissip\u00e9e.\n    <\/span>\n  <\/figcaption>\n<\/figure>\n<p>\nDans un syst\u00e8me fonctionnel, cette dissipation reste r\u00e9partie dans l\u2019ensemble du r\u00e9seau fascial et participe \u00e0 l\u2019amortissement des contraintes. En revanche, lorsque les sollicitations deviennent r\u00e9p\u00e9titives et peu variables \u2014 comme en position assise prolong\u00e9e \u2014 l\u2019hyst\u00e9r\u00e9sis augmente localement. L\u2019\u00e9nergie m\u00e9canique ne circule plus de mani\u00e8re homog\u00e8ne et tend \u00e0 se concentrer, traduisant une perte progressive d\u2019efficacit\u00e9 m\u00e9canique du tissu (Langevin, 2016).\n<\/p>\n\n    <h3>3.2. Maintien de la stabilit\u00e9 sans effort conscient<\/h3>\n\n    <p>\n      Contrairement aux muscles, qui n\u00e9cessitent une activation volontaire et se fatiguent, les fascias\n      assurent une stabilit\u00e9 continue gr\u00e2ce \u00e0 leur \u00e9lasticit\u00e9 et \u00e0 leur organisation en r\u00e9seau. Ils permettent\n      une adaptation permanente aux micro-variations de posture, sans effort conscient.\n    <\/p>\n\n    <div class=\"bp-example\">\n      <strong>\ud83d\udc49 Application pratique :<\/strong>\n      <p>\n        En position assise, un fascia pelvien fonctionnel r\u00e9partit automatiquement le poids du corps\n        entre le coccyx, les tub\u00e9rosit\u00e9s ischiatiques et les structures environnantes. Cette r\u00e9partition \u00e9vite\n        la concentration de pression sur une zone unique et limite l\u2019apparition de douleurs.\n      <\/p>\n    <\/div>\n\n    <p>\n      Lorsque cette capacit\u00e9 d\u2019adaptation est pr\u00e9serv\u00e9e, la posture reste dynamique, m\u00eame en situation\n      statique.\n    <\/p>\n\n    <h3>3.3. Protection des structures sensibles<\/h3>\n\n    <p>\n      Les fascias jouent \u00e9galement un r\u00f4le essentiel dans la protection des structures sensibles, notamment\n      les nerfs et les vaisseaux sanguins. Ils cr\u00e9ent des espaces de glissement qui permettent \u00e0 ces\n      structures de se d\u00e9placer librement, tout en amortissant les contraintes m\u00e9caniques.\n    <\/p>\n\n    <div class=\"bp-clinical-case\">\n      <strong>\ud83d\udc49 Cas clinique :<\/strong>\n      <p>\n        Dans le cas d\u2019une n\u00e9vralgie pudendale, la douleur n\u2019est pas toujours caus\u00e9e par une compression\n        directe du nerf. Elle peut r\u00e9sulter d\u2019une alt\u00e9ration du glissement dans son environnement fascial,\n        li\u00e9e \u00e0 une perte d\u2019harmonisation des contraintes dans le bassin. Cette alt\u00e9ration modifie les signaux\n        m\u00e9caniques per\u00e7us par les r\u00e9cepteurs locaux, qui sont ensuite interpr\u00e9t\u00e9s par le syst\u00e8me nerveux.\n      <\/p>\n      <p>\nCe ph\u00e9nom\u00e8ne est corrobor\u00e9 par des travaux exp\u00e9rimentaux montrant que, chez des patients souffrant de lombalgies chroniques, la capacit\u00e9 de glissement des fascias peut \u00eatre r\u00e9duite d\u2019environ 50 % par rapport \u00e0 des sujets asymptomatiques (Langevin et al., 2011).\n<\/p>\n\n<p>\nCette alt\u00e9ration du glissement n\u2019est pas n\u00e9cessairement li\u00e9e \u00e0 une l\u00e9sion visible, mais \u00e0 une modification des propri\u00e9t\u00e9s du tissu conjonctif, notamment une densification du collag\u00e8ne et une diminution de la mobilit\u00e9 entre les couches (Langevin, 2016).\n<\/p>\n    <\/div>\n\n    <p>\n      Ainsi, la douleur appara\u00eet comme le r\u00e9sultat d\u2019une interaction entre m\u00e9canique locale et perception globale.\n    <\/p>\n  <\/section>\n\n  <section>\n    <h2>4. Quand la tens\u00e9grit\u00e9 et l\u2019harmonisation des contraintes sont perturb\u00e9es<\/h2>\n\n    <h3>4.1. Causes des d\u00e9s\u00e9quilibres<\/h3>\n<p class=\"bp-lead\">\nAvant m\u00eame d\u2019entrer dans le d\u00e9tail, voici ce qui se passe lorsque le syst\u00e8me perd sa capacit\u00e9 d\u2019adaptation.\n<\/p>\n    <figure class=\"bp-figure\">\n  <img decoding=\"async\" src=\"http:\/\/blueportance.com\/wp-content\/uploads\/Perte-progressive-du-glissement-fascial.png\"\n       alt=\"Perte progressive du glissement fascial\"\n       loading=\"lazy\">\n  <figcaption>\n    <span class=\"bp-fig-text\">\n      La r\u00e9p\u00e9tition des contraintes peut alt\u00e9rer le glissement fascial et limiter l\u2019adaptabilit\u00e9 du syst\u00e8me.\n    <\/span>\n  <\/figcaption>\n<\/figure>\n\n    <p>\n      La tens\u00e9grit\u00e9 peut \u00eatre perturb\u00e9e lorsque les propri\u00e9t\u00e9s des fascias se modifient, notamment en cas\n      de s\u00e9dentarit\u00e9, de contraintes r\u00e9p\u00e9titives ou de surcharges prolong\u00e9es. Dans ces situations, le tissu\n      perd en adaptabilit\u00e9, et les contraintes ne sont plus correctement redistribu\u00e9es.\n    <\/p>\n    <p>\n\u00c0 l\u2019\u00e9chelle cellulaire, cette modification du comportement m\u00e9canique s\u2019accompagne d\u2019une adaptation des fibroblastes, les principales cellules du tissu conjonctif. En r\u00e9ponse \u00e0 des contraintes r\u00e9p\u00e9titives et peu variables, ces cellules peuvent augmenter la production de collag\u00e8ne, contribuant \u00e0 une densification du fascia et \u00e0 une diminution du glissement entre les couches (Langevin, 2016).\n<\/p>\n\n<p>\n\u00c0 l\u2019inverse, des sollicitations m\u00e9caniques vari\u00e9es, notamment des \u00e9tirements doux, modifient leur comportement : les fibroblastes s\u2019allongent, r\u00e9organisent leur cytosquelette et participent activement \u00e0 la r\u00e9gulation de la tension tissulaire (Langevin et al., 2005 ; Langevin et al., 2017).\n<\/p>\n\n    <div class=\"bp-mechanism\">\n      <strong>\ud83d\udc49 M\u00e9canisme sous-jacent :<\/strong>\n      <p>\n        Si les fascias du bassin deviennent moins capables de s\u2019adapter, les contraintes m\u00e9caniques\n        se concentrent localement. Cette concentration peut entra\u00eener une surcharge sur des structures\n        sensibles comme le coccyx, les lombaires ou les nerfs pelviens.\n      <\/p>\n    <\/div>\n\n    <h3>4.2. Cons\u00e9quences : douleurs et compensations<\/h3>\n\n    <p>\n      Lorsque la tens\u00e9grit\u00e9 est alt\u00e9r\u00e9e, le corps met en place des compensations. Ces ajustements\n      permettent de maintenir un certain \u00e9quilibre, mais ils peuvent \u00e9galement g\u00e9n\u00e9rer de nouvelles\n      contraintes dans d\u2019autres zones.\n    <\/p>\n\n    <div class=\"bp-example\">\n      <strong>\ud83d\udc49 Exemple concret :<\/strong>\n      <p>\n        Une cicatrice abdominale peut modifier les tensions fasciales locales. Cette modification se propage\n        au r\u00e9seau environnant, d\u00e9s\u00e9quilibrant la tens\u00e9grit\u00e9 du bassin. Le corps compense, mais cette\n        compensation peut entra\u00eener des douleurs pelviennes ou lombaires, sans que la cause initiale soit\n        imm\u00e9diatement identifiable.\n      <\/p>\n    <\/div>\n    <p>\nCes m\u00e9canismes montrent que la perturbation du syst\u00e8me ne d\u00e9pend pas uniquement de l\u2019intensit\u00e9 des contraintes, mais \u00e9galement de leur r\u00e9p\u00e9tition et de leur faible variabilit\u00e9, qui modifient progressivement les propri\u00e9t\u00e9s m\u00e9caniques et biologiques du tissu (Langevin, 2016 ; Stecco, 2015).\n<\/p>\n\n    <h3>4.3. R\u00f4le du syst\u00e8me neuro-sensoriel dans la douleur chronique<\/h3>\n\n    <p>\n      Lorsque ces perturbations persistent, le syst\u00e8me neuro-sensoriel peut se modifier. Les m\u00e9canor\u00e9cepteurs\n      deviennent plus sensibles, et le syst\u00e8me nerveux peut amplifier les signaux. Ce ph\u00e9nom\u00e8ne est proche\n      de ce que l\u2019on d\u00e9crit comme une <strong>sensibilisation centrale<\/strong> (Latremoliere &amp; Woolf, 2009).\n    <\/p>\n\n    <p>\n      Dans ce contexte, la douleur n\u2019est plus uniquement li\u00e9e \u00e0 la contrainte m\u00e9canique initiale, mais \u00e0 la mani\u00e8re\n      dont cette contrainte est interpr\u00e9t\u00e9e par le syst\u00e8me nerveux. Le cerveau peut alors maintenir ou amplifier\n      une perception douloureuse, m\u00eame lorsque la cause m\u00e9canique directe a diminu\u00e9.\n    <\/p>\n  <\/section>\n\n  <section>\n    <h2>5. Le cerveau : chef d\u2019orchestre d\u2019un syst\u00e8me distribu\u00e9<\/h2>\n\n    <p>\n      Dans ce syst\u00e8me, le cerveau joue un r\u00f4le central, mais il ne peut pas \u00eatre consid\u00e9r\u00e9 comme un simple\n      centre de commande. Il agit comme un chef d\u2019orchestre au sein d\u2019un syst\u00e8me distribu\u00e9, recevant en permanence\n      des informations issues du r\u00e9seau fascial et les int\u00e9grant pour produire une r\u00e9ponse adapt\u00e9e.\n    <\/p>\n\n    <p>\n      Les travaux en neurosciences de la douleur montrent que la perception douloureuse r\u00e9sulte de l\u2019activit\u00e9\n      d\u2019un r\u00e9seau c\u00e9r\u00e9bral complexe, modul\u00e9 par l\u2019attention, l\u2019exp\u00e9rience et le contexte (Tracey &amp; Mantyh, 2007).\n      Le cerveau ne fait donc pas que recevoir un signal : il l\u2019interpr\u00e8te, le module et peut m\u00eame l\u2019anticiper.\n    <\/p>\n\n    <p>\n      Cette capacit\u00e9 repose notamment sur la <strong>plasticit\u00e9 neuronale<\/strong>, qui permet au syst\u00e8me nerveux\n      de s\u2019adapter\u2026 mais aussi, dans certains cas, de maintenir des r\u00e9ponses inadapt\u00e9es.\n    <\/p>\n\n    <div class=\"bp-consequence\">\n      <strong>\ud83d\udc49 Cons\u00e9quence :<\/strong>\n      <p>\n        La douleur appara\u00eet comme une production du syst\u00e8me dans son ensemble, et non comme le simple reflet\n        d\u2019une contrainte locale.\n      <\/p>\n    <\/div>\n\n    <section class=\"bp-section\">\n  <h3>4.4. Pourquoi une douleur peut exister sans l\u00e9sion visible ?<\/h3>\n\n  <p class=\"bp-lead\">\n    Il est fr\u00e9quent d\u2019observer des douleurs persistantes alors que les examens m\u00e9dicaux\n    (IRM, scanner, radiographies) ne montrent aucune l\u00e9sion identifiable. \n    Cette situation ne signifie pas que la douleur est \u201cimaginaire\u201d \u2014 \n    elle refl\u00e8te une modification du fonctionnement du syst\u00e8me.\n  <\/p>\n\n  <p>\n    Dans un syst\u00e8me vivant, la douleur ne d\u00e9pend pas uniquement de l\u2019\u00e9tat structurel des tissus,\n    mais de l\u2019interaction entre plusieurs dimensions :\n  <\/p>\n\n  <ul class=\"bp-list\">\n    <li>\n      <strong>La m\u00e9canique tissulaire<\/strong> : une perte de glissement ou une mauvaise r\u00e9partition des contraintes\n      peut g\u00e9n\u00e9rer des tensions locales non visibles \u00e0 l\u2019imagerie.\n    <\/li>\n    <li>\n      <strong>Le r\u00e9seau fascial<\/strong> : une alt\u00e9ration de la tens\u00e9grit\u00e9 peut perturber l\u2019\u00e9quilibre global,\n      cr\u00e9ant des zones de surcharge \u00e0 distance de la zone douloureuse.\n    <\/li>\n    <li>\n      <strong>Le syst\u00e8me neuro-sensoriel<\/strong> : les m\u00e9canor\u00e9cepteurs peuvent devenir plus sensibles,\n      amplifiant des signaux m\u00e9caniques pourtant mod\u00e9r\u00e9s.\n    <\/li>\n  <\/ul>\n\n  <p>\n    Le cerveau n\u2019interpr\u00e8te pas une \u201cl\u00e9sion\u201d, mais un ensemble de signaux issus du corps.\n    Lorsque ces signaux deviennent incoh\u00e9rents ou amplifi\u00e9s, il peut produire une perception\n    douloureuse, m\u00eame en l\u2019absence de dommage tissulaire identifiable.\n  <\/p>\n\n  <div class=\"bp-example\">\n    <strong>\ud83d\udc49 Exemple :<\/strong>\n    <p>\n      Dans certaines lombalgies chroniques, des patients pr\u00e9sentent des douleurs importantes\n      malgr\u00e9 des examens normaux. Des \u00e9tudes ont montr\u00e9 que ces douleurs peuvent \u00eatre li\u00e9es \u00e0 une\n      alt\u00e9ration du glissement fascial et \u00e0 une hypersensibilisation du syst\u00e8me nerveux,\n      plut\u00f4t qu\u2019\u00e0 une l\u00e9sion structurelle visible.\n    <\/p>\n  <\/div>\n\n  <div class=\"bp-key-point\">\n    <strong>\ud83d\udc49 Point cl\u00e9 :<\/strong>\n    <p>\n      Une douleur peut \u00eatre r\u00e9elle, mesurable et invalidante, m\u00eame en l\u2019absence de l\u00e9sion identifiable\n      \u00e0 l\u2019imagerie. Elle traduit alors un d\u00e9s\u00e9quilibre du syst\u00e8me de r\u00e9gulation des contraintes\n      et de la perception, plut\u00f4t qu\u2019un dommage localis\u00e9.\n    <\/p>\n  <\/div>\n\n<\/section>\n\n<section class=\"bp-section\">\n\n  <h2>5. Restaurer la dynamique du syst\u00e8me : pourquoi les micro-mouvements changent tout<\/h2>\n\n  <p class=\"bp-lead\">\n    Si la douleur ne vient pas uniquement d\u2019une l\u00e9sion, mais d\u2019un d\u00e9s\u00e9quilibre du syst\u00e8me \n    \u2014 m\u00e9canique, fascial et neuro-sensoriel \u2014 alors la question devient :\n    <strong>comment r\u00e9tablir un fonctionnement normal ?<\/strong>\n  <\/p>\n\n  <p>\n    Contrairement aux id\u00e9es re\u00e7ues, ce n\u2019est pas l\u2019immobilit\u00e9 ni la \u201cbonne posture fig\u00e9e\u201d\n    qui permettent de soulager durablement. \n    Ce qui manque le plus souvent, c\u2019est la <strong>variabilit\u00e9 m\u00e9canique<\/strong> :\n    de <strong>micro-mouvements continus<\/strong> qui permettent au syst\u00e8me de fonctionner.\n  <\/p>\n\n  <ul class=\"bp-list\">\n    <li>\n      Ils <strong>restaurent le glissement fascial<\/strong> en relan\u00e7ant les \u00e9changes dans la matrice extracellulaire.\n    <\/li>\n    <li>\n      Ils <strong>r\u00e9partissent les contraintes<\/strong>, \u00e9vitant leur concentration sur une zone sensible (coccyx, lombaires, p\u00e9rin\u00e9e\u2026).\n    <\/li>\n    <li>\n      Ils <strong>r\u00e9alimentent le syst\u00e8me neuro-sensoriel<\/strong>, en envoyant au cerveau des signaux vari\u00e9s et coh\u00e9rents.\n    <\/li>\n  <\/ul>\n\n  <p>\n    \u00c0 l\u2019inverse, une position assise statique \u2014 m\u00eame \u201cbien positionn\u00e9e\u201d \u2014 \n    favorise la r\u00e9p\u00e9tition des contraintes, l\u2019augmentation locale de l\u2019hyst\u00e9r\u00e9sis \n    et la perte progressive d\u2019adaptabilit\u00e9 du syst\u00e8me.\n  <\/p>\n\n  <div class=\"bp-key-point\">\n    <strong>\ud83d\udc49 Point cl\u00e9 :<\/strong>\n    <p>\n      Ce n\u2019est pas seulement la position qui compte\u2026 mais la capacit\u00e9 \u00e0 bouger <strong>en continu<\/strong> dans cette position.\n    <\/p>\n  <\/div>\n\n  <h3>Pourquoi c\u2019est difficile dans la vraie vie ?<\/h3>\n\n  <p>\n    Parce que la plupart des assises bloquent pr\u00e9cis\u00e9ment ce dont votre corps a besoin :\n    <strong>la libert\u00e9 de micro-ajustement<\/strong>.\n  <\/p>\n\n  <p>\n    Elles stabilisent\u2026 mais au prix d\u2019une <strong>perte de mobilit\u00e9 fine<\/strong>.\n    R\u00e9sultat : le syst\u00e8me ne peut plus r\u00e9partir les contraintes, ni r\u00e9guler les tensions.\n  <\/p>\n\n  <h3>\ud83d\udc49 Et concr\u00e8tement, qu\u2019est-ce que cela change pour vous ?<\/h3>\n\n<p class=\"bp-lead\">\nTant que ces micro-mouvements ne sont pas restaur\u00e9s, le syst\u00e8me reste bloqu\u00e9 :\nles contraintes se r\u00e9p\u00e8tent, les zones de surcharge persistent\u2026 et les douleurs aussi.\n<\/p>\n\n  <div class=\"bp-transition\">\n    <p>\n      C\u2019est pr\u00e9cis\u00e9ment pour r\u00e9pondre \u00e0 ce probl\u00e8me qu\u2019a \u00e9t\u00e9 d\u00e9velopp\u00e9e une approche diff\u00e9rente de l\u2019assise :\n      non plus chercher la \u201cbonne position\u201d, mais <strong>restaurer la capacit\u00e9 du corps \u00e0 s\u2019adapter en permanence<\/strong>.\n    <\/p>\n  <\/div>\n\n  <div class=\"bp-cta\" style=\"background:#2a7fba;color:#fff;padding:25px;border-radius:8px;margin-top:30px;text-align:center;\">\n    <h3 style=\"margin-top:0;color:#fff;\">Passez de la compr\u00e9hension \u00e0 l\u2019action<\/h3>\n\n    <p style=\"margin:15px 0;\">\n      Si vous vous reconnaissez dans ces m\u00e9canismes \u2014 douleurs en position assise, inconfort persistant, sensation de blocage \u2014 alors la question n\u2019est plus de comprendre\u2026\n      mais d\u2019agir sur ce qui les entretient.\n      La vraie question maintenant est simple :\n      <strong>votre assise permet-elle \u00e0 votre corps de fonctionner\u2026 ou l\u2019en emp\u00eache-t-elle ?<\/strong>\n    <\/p>\n\n    <p style=\"margin:15px 0;\">\n     \ud83d\udc49 Testez concr\u00e8tement une assise con\u00e7ue pour restaurer les micro-mouvements  \net relancer la dynamique naturelle du corps \u2014 l\u00e0 o\u00f9 les assises classiques bloquent le syst\u00e8me.\n    <\/p>\n\n    <a href=\"https:\/\/blueportance.com\/en\/mon-guide-express-pour-choisir-mon-assise\/\"\n       style=\"display:inline-block;background:#fff;color:#2a7fba;padding:12px 20px;border-radius:5px;text-decoration:none;font-weight:bold;margin-top:10px;\">\n       D\u00e9couvrir quelle assise Aporia\u00ae est faite pour vous\n    <\/a>\n  <\/div>\n\n<\/section>\n\n\n  <section>\n    <h2>6. Synth\u00e8se : le corps comme orchestre<\/h2>\n\n    <p>\n      Le corps peut alors \u00eatre compris comme un orchestre. Les fascias constituent \u00e0 la fois les instruments\n      et le r\u00e9seau de transmission des contraintes et des informations.\n    <\/p>\n\n    <p>\n      Le syst\u00e8me nerveux agit comme un chef d\u2019orchestre, mais un chef qui d\u00e9pend des signaux qu\u2019il re\u00e7oit\n      pour ajuster son interpr\u00e9tation.\n    <\/p>\n\n    <p>\n      Le mouvement correspond \u00e0 la partition, et la douleur \u00e0 la musique produite par l\u2019interaction de l\u2019ensemble.\n    <\/p>\n\n    <p>\n      Lorsque l\u2019harmonisation des contraintes est respect\u00e9e, le syst\u00e8me fonctionne de mani\u00e8re fluide.\n      Lorsque cette harmonisation est perturb\u00e9e, des d\u00e9s\u00e9quilibres apparaissent, pouvant se traduire par de la douleur.\n    <\/p>\n  <\/section>\n\n  <h2>Pour aller plus loin<\/h2>\n\n<section class=\"bp-bdc-box bp-bdc-box--soft\">\n  <h3>Approfondir : les fascias en images<\/h3>\n\n  <p>\n    Ce documentaire d\u2019ARTE illustre, par des exemples concrets et des observations cliniques, les m\u00e9canismes d\u00e9crits dans cette page : r\u00f4le des fascias dans le mouvement, adaptation des tissus, douleur persistante malgr\u00e9 l\u2019absence de l\u00e9sion identifiable \u00e0 l\u2019imagerie et importance du glissement fascial.\n  <\/p>\n\n  <p>\n    Il constitue un compl\u00e9ment utile pour visualiser ces ph\u00e9nom\u00e8nes et en saisir la r\u00e9alit\u00e9 \u00e0 travers des situations v\u00e9cues.\n  <\/p>\n\n  <div style=\"position:relative;padding-bottom:56.25%;height:0;overflow:hidden;border-radius:8px;margin-top:10px;\">\n    <iframe \n      src=\"https:\/\/www.youtube.com\/embed\/2lKDcNvQ9FQ\" \n      title=\"Les fascias - ARTE\"\n      frameborder=\"0\" \n      allow=\"accelerometer; autoplay; clipboard-write; encrypted-media; gyroscope; picture-in-picture\" \n      allowfullscreen\n style=\"position:absolute;top:0;left:0;width:100%;height:100%;\">\n    <\/iframe>\n  <\/div>\n\n  <p style=\"font-size:0.9em;margin-top:8px;\">\n    Source : ARTE \u2014 Les alli\u00e9s cach\u00e9s de notre organisme : les fascias\n  <\/p>\n<\/section>\n\n<h3>\u00c0 explorer sur Blue Portance<\/h3>\n    <ul>\n        <li>\u27a1\ufe0f <strong>Comprendre la fibrose fasciale <\/strong> :<a href=\"\/en\/fibrose-fasciale-rigidite-douleurs-chroniques\/\">\u00abPourquoi votre corps se transforme en armure\u00bb<\/a><\/li>\n        <li>\u27a1\ufe0f <strong>L&rsquo;importance des micro-mouvements<\/strong> : <a href=\"https:\/\/blueportance.com\/en\/micro-mouvements-douleurs-position-assise\/\"> \u00ab Pourquoi bouger un peu est plus important que bouger beaucoup ?\u00bb <\/a><\/li>\n         <li>\u27a1\ufe0f <strong>Douleur Chronique Partie 1<\/strong> : <a href=\"\/en\/hypersensibilisation-systeme-nerveux-douleur\/\"> \u00abDouleur chronique d\u00e9crypt\u00e9e : comprendre les m\u00e9canismes pour enfin agir \u00bb <\/a><\/li>\n    <\/ul>\n\n  <section class=\"bp-references\">\n    <h3>R\u00e9f\u00e9rences scientifiques<\/h3>\n\n    <ul>\n      <li>DeLancey, J. O. (1992). Anatomic aspects of vaginal eversion after hysterectomy. American Journal of Obstetrics and Gynecology, 166(6), 1717-1728.<\/li>\n      <li>Ingber, D. E. (1998). <em>The Architecture of Life<\/em> &#8211; Scientific American, 278(1), 48-57.<\/li>\n      <li>Latremoliere, A., &amp; Woolf, C. J. (2009). <em>Central sensitization<\/em>.<\/li>\n      <li>Moseley, G. L. (2007). Reconceptualising pain according to modern pain science. Physical Therapy Reviews, 12(3), 169-178..<\/li>\n      <li>Myers, T. W. (2014). Anatomy Trains: Myofascial Meridians for Manual and Movement Therapists (3rd ed.). Elsevier.<\/li>\n      <li>Langevin, H. M. (2006). <em>Connective tissue: a body-wide signaling network<\/em>.<\/li>\n      <li>Schleip, R. (2003). Fascial plasticity: A new neurobiological explanation. Journal of Bodywork and Movement Therapies, 7(1), 11-19.<\/li>\n      <li>Schleip, R. et al. (2012). <em>Fascia as a Sensory Organ<\/em>.<\/li>\n      <li>Stecco, C. (2015). <em>Functional Atlas of the Human Fascial System<\/em> &#8211; Elsevier.<\/li>\n      <li>Tracey, I., &amp; Mantyh, P. W. (2007). <em>The cerebral signature for pain<\/em>.<\/li>\n\n    <\/ul>\n  <\/section>\n\n\n    <p class=\"bp-copyright\" style=\"font-size:0.85em; color:#6b7280; margin-top:40px;\">\n\u00a9 Blue Portance.\nReproduction et diffusion autoris\u00e9es \u00e0 des fins non commerciales,\nsous r\u00e9serve de citation de la source :\n\u00ab Blue Portance \u2013 Doctrine SBNFA\u2122 \u00bb.\n<\/p>\n\n\n<\/article>","protected":false},"excerpt":{"rendered":"<p>Pourquoi une douleur au genou peut venir du bassin, et comment votre cerveau interpr\u00e8te \u2014 parfois mal \u2014 ces signaux ? Par Gil Ayache \u2014 cofondateur de Blue Portance 20 avril 2026 Vous avez mal en position assise\u2026 et pourtant vos examens sont normaux ? Saviez-vous que votre corps poss\u00e8de un r\u00e9seau invisible, \u201cun r\u00e9seau [&#8230;]\n","protected":false},"author":6,"featured_media":0,"comment_status":"open","ping_status":"closed","sticky":false,"template":"","format":"standard","meta":{"_acf_changed":false,"footnotes":""},"categories":[274],"tags":[],"class_list":["post-4931","post","type-post","status-publish","format-standard","hentry","category-dynamique-corps-adaptabilite"],"acf":[],"yoast_head":"<!-- This site is optimized with the Yoast SEO Premium plugin v27.4 (Yoast SEO v27.5) - https:\/\/yoast.com\/product\/yoast-seo-premium-wordpress\/ -->\n<title>Pourquoi vos fascias peuvent cr\u00e9er ou entretenir la douleur<\/title>\n<meta name=\"description\" content=\"Un syst\u00e8me neuro-sensoriel distribu\u00e9 qui harmonise les contraintes du corps et participe \u00e0 la perception et \u00e0 la r\u00e9gulation des douleurs\" \/>\n<meta name=\"robots\" content=\"index, follow, max-snippet:-1, max-image-preview:large, max-video-preview:-1\" \/>\n<link rel=\"canonical\" href=\"https:\/\/blueportance.com\/en\/2026\/04\/26\/fascias-douleur-tensegrite\/\" \/>\n<meta property=\"og:locale\" content=\"en_GB\" \/>\n<meta property=\"og:type\" content=\"article\" \/>\n<meta property=\"og:title\" content=\"Comprendre les Fascias et la Tens\u00e9grit\u00e9 : le syst\u00e8me invisible de r\u00e9gulation des contraintes\u2026 et de la douleur\" \/>\n<meta property=\"og:description\" content=\"Un syst\u00e8me neuro-sensoriel distribu\u00e9 qui harmonise les contraintes du corps et participe \u00e0 la perception et \u00e0 la r\u00e9gulation des douleurs\" \/>\n<meta property=\"og:url\" content=\"https:\/\/blueportance.com\/en\/2026\/04\/26\/fascias-douleur-tensegrite\/\" \/>\n<meta property=\"og:site_name\" content=\"Blue Portance\" \/>\n<meta property=\"article:publisher\" content=\"https:\/\/www.facebook.com\/people\/Blue-Portance\/100095243965964\/\" \/>\n<meta property=\"article:published_time\" content=\"2026-04-26T13:54:36+00:00\" \/>\n<meta property=\"article:modified_time\" content=\"2026-04-29T13:21:48+00:00\" \/>\n<meta property=\"og:image\" content=\"http:\/\/blueportance.com\/wp-content\/uploads\/Les-fascias-organisation-en-poupees-russes.png\" \/>\n<meta name=\"author\" content=\"Gil Ayache\" \/>\n<meta name=\"twitter:card\" content=\"summary_large_image\" \/>\n<meta name=\"twitter:label1\" content=\"Written by\" \/>\n\t<meta name=\"twitter:data1\" content=\"Gil Ayache\" \/>\n\t<meta name=\"twitter:label2\" content=\"Estimated reading time\" \/>\n\t<meta name=\"twitter:data2\" content=\"24 minutes\" \/>\n<!-- \/ Yoast SEO Premium plugin. -->","yoast_head_json":{"title":"Pourquoi vos fascias peuvent cr\u00e9er ou entretenir la douleur","description":"Un syst\u00e8me neuro-sensoriel distribu\u00e9 qui harmonise les contraintes du corps et participe \u00e0 la perception et \u00e0 la r\u00e9gulation des douleurs","robots":{"index":"index","follow":"follow","max-snippet":"max-snippet:-1","max-image-preview":"max-image-preview:large","max-video-preview":"max-video-preview:-1"},"canonical":"https:\/\/blueportance.com\/en\/2026\/04\/26\/fascias-douleur-tensegrite\/","og_locale":"en_GB","og_type":"article","og_title":"Comprendre les Fascias et la Tens\u00e9grit\u00e9 : le syst\u00e8me invisible de r\u00e9gulation des contraintes\u2026 et de la douleur","og_description":"Un syst\u00e8me neuro-sensoriel distribu\u00e9 qui harmonise les contraintes du corps et participe \u00e0 la perception et \u00e0 la r\u00e9gulation des douleurs","og_url":"https:\/\/blueportance.com\/en\/2026\/04\/26\/fascias-douleur-tensegrite\/","og_site_name":"Blue Portance","article_publisher":"https:\/\/www.facebook.com\/people\/Blue-Portance\/100095243965964\/","article_published_time":"2026-04-26T13:54:36+00:00","article_modified_time":"2026-04-29T13:21:48+00:00","og_image":[{"url":"http:\/\/blueportance.com\/wp-content\/uploads\/Les-fascias-organisation-en-poupees-russes.png","type":"","width":"","height":""}],"author":"Gil Ayache","twitter_card":"summary_large_image","twitter_misc":{"Written by":"Gil Ayache","Estimated reading time":"24 minutes"},"schema":{"@context":"https:\/\/schema.org","@graph":[{"@type":"Article","@id":"https:\/\/blueportance.com\/2026\/04\/26\/fascias-douleur-tensegrite\/#article","isPartOf":{"@id":"https:\/\/blueportance.com\/2026\/04\/26\/fascias-douleur-tensegrite\/"},"author":{"name":"Gil Ayache","@id":"https:\/\/blueportance.com\/#\/schema\/person\/fb86be933998b7639319a50bfed35ee8"},"headline":"Comprendre les Fascias et la Tens\u00e9grit\u00e9 : le syst\u00e8me invisible de r\u00e9gulation des contraintes\u2026 et de la douleur","datePublished":"2026-04-26T13:54:36+00:00","dateModified":"2026-04-29T13:21:48+00:00","mainEntityOfPage":{"@id":"https:\/\/blueportance.com\/2026\/04\/26\/fascias-douleur-tensegrite\/"},"wordCount":4856,"commentCount":0,"publisher":{"@id":"https:\/\/blueportance.com\/#organization"},"image":{"@id":"https:\/\/blueportance.com\/2026\/04\/26\/fascias-douleur-tensegrite\/#primaryimage"},"thumbnailUrl":"http:\/\/blueportance.com\/wp-content\/uploads\/Les-fascias-organisation-en-poupees-russes.png","articleSection":["Dynamiques du corps &amp; adaptabilit\u00e9"],"inLanguage":"en-GB","potentialAction":[{"@type":"CommentAction","name":"Comment","target":["https:\/\/blueportance.com\/2026\/04\/26\/fascias-douleur-tensegrite\/#respond"]}]},{"@type":"WebPage","@id":"https:\/\/blueportance.com\/2026\/04\/26\/fascias-douleur-tensegrite\/","url":"https:\/\/blueportance.com\/2026\/04\/26\/fascias-douleur-tensegrite\/","name":"Pourquoi vos fascias peuvent cr\u00e9er ou entretenir la douleur","isPartOf":{"@id":"https:\/\/blueportance.com\/#website"},"primaryImageOfPage":{"@id":"https:\/\/blueportance.com\/2026\/04\/26\/fascias-douleur-tensegrite\/#primaryimage"},"image":{"@id":"https:\/\/blueportance.com\/2026\/04\/26\/fascias-douleur-tensegrite\/#primaryimage"},"thumbnailUrl":"http:\/\/blueportance.com\/wp-content\/uploads\/Les-fascias-organisation-en-poupees-russes.png","datePublished":"2026-04-26T13:54:36+00:00","dateModified":"2026-04-29T13:21:48+00:00","description":"Un syst\u00e8me neuro-sensoriel distribu\u00e9 qui harmonise les contraintes du corps et participe \u00e0 la perception et \u00e0 la r\u00e9gulation des douleurs","breadcrumb":{"@id":"https:\/\/blueportance.com\/2026\/04\/26\/fascias-douleur-tensegrite\/#breadcrumb"},"inLanguage":"en-GB","potentialAction":[{"@type":"ReadAction","target":["https:\/\/blueportance.com\/2026\/04\/26\/fascias-douleur-tensegrite\/"]}]},{"@type":"ImageObject","inLanguage":"en-GB","@id":"https:\/\/blueportance.com\/2026\/04\/26\/fascias-douleur-tensegrite\/#primaryimage","url":"http:\/\/blueportance.com\/wp-content\/uploads\/Les-fascias-organisation-en-poupees-russes.png","contentUrl":"http:\/\/blueportance.com\/wp-content\/uploads\/Les-fascias-organisation-en-poupees-russes.png"},{"@type":"BreadcrumbList","@id":"https:\/\/blueportance.com\/2026\/04\/26\/fascias-douleur-tensegrite\/#breadcrumb","itemListElement":[{"@type":"ListItem","position":1,"name":"Accueil","item":"https:\/\/blueportance.com\/"},{"@type":"ListItem","position":2,"name":"Comprendre les Fascias et la Tens\u00e9grit\u00e9 : le syst\u00e8me invisible de r\u00e9gulation des contraintes\u2026 et de la douleur"}]},{"@type":"WebSite","@id":"https:\/\/blueportance.com\/#website","url":"https:\/\/blueportance.com\/","name":"Blue Portance","description":"Assises ergonomiques pour une posture saine et dynamique","publisher":{"@id":"https:\/\/blueportance.com\/#organization"},"potentialAction":[{"@type":"SearchAction","target":{"@type":"EntryPoint","urlTemplate":"https:\/\/blueportance.com\/?s={search_term_string}"},"query-input":{"@type":"PropertyValueSpecification","valueRequired":true,"valueName":"search_term_string"}}],"inLanguage":"en-GB"},{"@type":"Organization","@id":"https:\/\/blueportance.com\/#organization","name":"Blue Portance","url":"https:\/\/blueportance.com\/","logo":{"@type":"ImageObject","inLanguage":"en-GB","@id":"https:\/\/blueportance.com\/#\/schema\/logo\/image\/","url":"https:\/\/blueportance.com\/wp-content\/uploads\/Logo-Blue-Portance.webp","contentUrl":"https:\/\/blueportance.com\/wp-content\/uploads\/Logo-Blue-Portance.webp","width":246,"height":50,"caption":"Blue Portance"},"image":{"@id":"https:\/\/blueportance.com\/#\/schema\/logo\/image\/"},"sameAs":["https:\/\/www.facebook.com\/people\/Blue-Portance\/100095243965964\/"]},{"@type":"Person","@id":"https:\/\/blueportance.com\/#\/schema\/person\/fb86be933998b7639319a50bfed35ee8","name":"Gil Ayache","image":{"@type":"ImageObject","inLanguage":"en-GB","@id":"https:\/\/secure.gravatar.com\/avatar\/5171a6c98d4cbb9e895835c7590d47f6939bf6577fdaa90b9916f2b85c567759?s=96&d=mm&r=g","url":"https:\/\/secure.gravatar.com\/avatar\/5171a6c98d4cbb9e895835c7590d47f6939bf6577fdaa90b9916f2b85c567759?s=96&d=mm&r=g","contentUrl":"https:\/\/secure.gravatar.com\/avatar\/5171a6c98d4cbb9e895835c7590d47f6939bf6577fdaa90b9916f2b85c567759?s=96&d=mm&r=g","caption":"Gil Ayache"}}]}},"_links":{"self":[{"href":"https:\/\/blueportance.com\/en\/wp-json\/wp\/v2\/posts\/4931","targetHints":{"allow":["GET"]}}],"collection":[{"href":"https:\/\/blueportance.com\/en\/wp-json\/wp\/v2\/posts"}],"about":[{"href":"https:\/\/blueportance.com\/en\/wp-json\/wp\/v2\/types\/post"}],"author":[{"embeddable":true,"href":"https:\/\/blueportance.com\/en\/wp-json\/wp\/v2\/users\/6"}],"replies":[{"embeddable":true,"href":"https:\/\/blueportance.com\/en\/wp-json\/wp\/v2\/comments?post=4931"}],"version-history":[{"count":8,"href":"https:\/\/blueportance.com\/en\/wp-json\/wp\/v2\/posts\/4931\/revisions"}],"predecessor-version":[{"id":5020,"href":"https:\/\/blueportance.com\/en\/wp-json\/wp\/v2\/posts\/4931\/revisions\/5020"}],"wp:attachment":[{"href":"https:\/\/blueportance.com\/en\/wp-json\/wp\/v2\/media?parent=4931"}],"wp:term":[{"taxonomy":"category","embeddable":true,"href":"https:\/\/blueportance.com\/en\/wp-json\/wp\/v2\/categories?post=4931"},{"taxonomy":"post_tag","embeddable":true,"href":"https:\/\/blueportance.com\/en\/wp-json\/wp\/v2\/tags?post=4931"}],"curies":[{"name":"wp","href":"https:\/\/api.w.org\/{rel}","templated":true}]}}